{"id":4802,"date":"2015-09-02T14:47:01","date_gmt":"2015-09-02T14:47:01","guid":{"rendered":"http:\/\/ceceypanzio.hu\/?p=4802&#038;lang=en"},"modified":"2015-10-06T20:07:17","modified_gmt":"2015-10-06T20:07:17","slug":"xix-eger-folk-music-gala-and-professional-days-2015","status":"publish","type":"post","link":"https:\/\/ceceypanzio.hu\/en\/2015\/09\/02\/xix-eger-folk-music-gala-and-professional-days-2015\/","title":{"rendered":"XIX. Eger Folk Music Gala and Professional Days 2015"},"content":{"rendered":"<h3>Programmes<\/h3>\n<p><strong>August 29, Saturday 10:00<\/strong><\/p>\n<p>The solemn opening of the festival Sz\u00e9passzonyv\u00f6lgy M\u00e1rai Visitor Center outdoor stage<\/p>\n<p>Folk Music Concert I.<\/p>\n<p><strong>August 29, Saturday 14:00<\/strong><\/p>\n<p>Folk Music Concert II.<\/p>\n<p>Valley of the Beautiful Women M\u00e1rai Visitor Center outdoor stage<\/p>\n<p><strong>August 29, Saturday 18:00<\/strong><\/p>\n<p>Folk Music Forum Bela Bartakovics Community House<\/p>\n<p>Professional people:<\/p>\n<ul>\n<li>Dr. Stephen Alf\u00f6ldy Boruss the Company. MR musical ensembles and director<\/li>\n<li>Joseph birinyi, co-chairman of the K\u00d3TA, ethnomusicologist, a Hungarikum Association, President HUSZ<\/li>\n<li>John Deva, an associate of the Company. MR editorial Music<\/li>\n<li>Dr. Aniko White, the Company MR. Folk and world music program editor, conductor, professor<\/li>\n<li>Dr. Ferenc Varna composer, conductor, ethnomusicologist<\/li>\n<\/ul>\n<p><strong>August 29, Saturday 20:00<\/strong><\/p>\n<p>The Hungarian State Folk Ensemble<\/p>\n<p>Valley of the Beautiful Women M\u00e1rai Visitor Center outdoor stage<\/p>\n<p><strong>August 30, Sunday, 10:00<\/strong><\/p>\n<p>Folk Music Concert III. B\u00e9la Bartakovics Community House<\/p>\n<p><strong>August 30, Sunday, 15:00<\/strong><\/p>\n<p>GALA CONCERT Bela aBartakovics Community House<\/p>\n<p>The festival is organized by: Hungarian Choirs and Orchestras Association of Folk Music Ensembles &#8211; K\u00d3TA<\/p>\n<p>Co-organizers: Egri Culture and Arts Center, Cantus Agriensis Cultural Association<\/p>\n<p><em>More information: <a href=\"http:\/\/ekmk.eu\/node\/8364\" target=\"_blank\">Egri Culture and Arts Center<\/a><\/em><\/p>\n<p><em>Photo:<\/em>\u00a0<em><a href=\"http:\/\/ekmk.eu\/node\/8364\" target=\"_blank\">Egri Culture and Arts Center<\/a><\/em><\/p>\n","protected":false},"excerpt":{"rendered":"<p>Programmes August 29, Saturday 10:00 The solemn opening of the festival Sz\u00e9passzonyv\u00f6lgy M\u00e1rai Visitor Center outdoor stage Folk Music Concert I. August 29, Saturday 14:00 Folk Music Concert II. Valley of the Beautiful Women M\u00e1rai Visitor Center outdoor stage August 29, Saturday 18:00 Folk Music Forum Bela Bartakovics Community House Professional people: Dr. Stephen Alf\u00f6ldy&#8230; <\/p>\n<div class=\"clear\"><\/div>\n<p><a href=\"https:\/\/ceceypanzio.hu\/en\/2015\/09\/02\/xix-eger-folk-music-gala-and-professional-days-2015\/\" class=\"excerpt-read-more\">Continue Reading<i class=\"fa fa-long-arrow-right icon-long-arrow-right\"><\/i><\/a><\/p>\n","protected":false},"author":1,"featured_media":4699,"comment_status":"closed","ping_status":"closed","sticky":false,"template":"","format":"standard","meta":[],"categories":[65],"tags":[],"_links":{"self":[{"href":"https:\/\/ceceypanzio.hu\/en\/wp-json\/wp\/v2\/posts\/4802\/"}],"collection":[{"href":"https:\/\/ceceypanzio.hu\/en\/wp-json\/wp\/v2\/posts\/"}],"about":[{"href":"https:\/\/ceceypanzio.hu\/en\/wp-json\/wp\/v2\/types\/post\/"}],"author":[{"embeddable":true,"href":"https:\/\/ceceypanzio.hu\/en\/wp-json\/wp\/v2\/users\/1\/"}],"replies":[{"embeddable":true,"href":"https:\/\/ceceypanzio.hu\/en\/wp-json\/wp\/v2\/comments\/?post=4802"}],"version-history":[{"count":3,"href":"https:\/\/ceceypanzio.hu\/en\/wp-json\/wp\/v2\/posts\/4802\/revisions\/"}],"predecessor-version":[{"id":5110,"href":"https:\/\/ceceypanzio.hu\/en\/wp-json\/wp\/v2\/posts\/4802\/revisions\/5110\/"}],"wp:featuredmedia":[{"embeddable":true,"href":"https:\/\/ceceypanzio.hu\/en\/wp-json\/wp\/v2\/media\/4699\/"}],"wp:attachment":[{"href":"https:\/\/ceceypanzio.hu\/en\/wp-json\/wp\/v2\/media\/?parent=4802"}],"wp:term":[{"taxonomy":"category","embeddable":true,"href":"https:\/\/ceceypanzio.hu\/en\/wp-json\/wp\/v2\/categories\/?post=4802"},{"taxonomy":"post_tag","embeddable":true,"href":"https:\/\/ceceypanzio.hu\/en\/wp-json\/wp\/v2\/tags\/?post=4802"}],"curies":[{"name":"wp","href":"https:\/\/api.w.org\/{rel}","templated":true}]}}